{"id":4445,"date":"2018-12-12T14:48:51","date_gmt":"2018-12-12T13:48:51","guid":{"rendered":"http:\/\/www.wababbel.de\/woerterwege\/?p=4445"},"modified":"2018-12-12T14:48:51","modified_gmt":"2018-12-12T13:48:51","slug":"maerchen-erzaehlen","status":"publish","type":"post","link":"https:\/\/woerterwege.wababbel.de\/?p=4445","title":{"rendered":"M\u00e4rchen erz\u00e4hlen"},"content":{"rendered":"<p><a href=\"http:\/\/www.wababbel.de\/woerterwege\/2016\/02\/21\/das-kissen\/\" rel=\"noopener\" target=\"_blank\">Ich falle immer wieder darauf herein.<\/a> Gestern kam ich mir unfassbar produktiv vor, wegen allerlei Dingen, vor allem aber, weil ich einen Termin bei der Frauen\u00e4rztin hatte und somit vor Augen, endlich diesen uns\u00e4glich lange vor mir hergeschobenen Punkt abhaken zu k\u00f6nnen.<br \/>\nNun ja.<br \/>\nEs fing schon gleich damit an, dass die freundliche Arzthelferin nach Entgegennahme meiner Krankenkassenkarte meinte, ich sei ja \u00fcberhaupt nicht versichert.<br \/>\nWas nicht stimmt.<br \/>\nAuch hier wieder: jedes Jahr das gleiche Drama. Die Krankenkasse schickt Formulare zur Verl\u00e4ngerung der Familienversicherung. Ich schicke die zur\u00fcck, dann bekomme ich entweder Post, dass ich noch dies und das und jenes vergessen habe. Irgendwann dann die Nachricht mit der Best\u00e4tigung der Verl\u00e4ngerung.<br \/>\n<del datetime=\"2018-12-12T13:31:40+00:00\">Tage<\/del> Wochen sp\u00e4ter bekomme ich eine neue Krankenkassenkarte.<br \/>\nIn der Zwischenzeit habe ich dummerweise zw\u00f6lf Arzttermine und das geht dann zwar alles irgendwie, aber entweder muss ich weitere komplizierte Formulare ausf\u00fcllen und\/oder nach Wochen, wenn die neue Karte endlich da ist, mit eben dieser noch einmal zu allen \u00c4rztinnen gehen, um eben diese Karte noch einmal vorzuzeigen.<br \/>\nSo auch jetzt.<br \/>\nEin Punkt abgehakt, ein neuer dazu.<br \/>\nPlus drei weitere, denn die \u00c4rztin so: Und dann empfehle ich Ihnen noch dies und das und jenes. <\/p>\n<p>Schwupp, schon war ich an dem Punkt, dass diese ganze Sachen-Abarbeiterei ja wohl \u00fcberhaupt keinen Sinn macht und wenn das alles keinen Sinn macht, dann kann ich auch einfach nur auf dem Sofa herumsitzen und schlechte B\u00fccher lesen.<br \/>\nDummerweise hatte ich aber gerade keine schlechten B\u00fccher parat, ich las mich stattdessen durchs Internet, landete irgendwann bei <a href=\"http:\/\/www.spiegel.de\/kultur\/tv\/no-more-boys-and-girls-mit-collien-ulmen-fernandes-bei-zdfneo-a-1239836.html\" rel=\"noopener\" target=\"_blank\">diesem Artikel<\/a> und somit bei <a href=\"https:\/\/www.zdf.de\/dokumentation\/no-more-boys-and-girls\" rel=\"noopener\" target=\"_blank\">dieser Doku<\/a> und dann guckte ich die, den ersten und dann auch gleich noch den zweiten Teil und das machte meine Laune auch nicht besser, denn so niedlich das einerseits ist, diese Kinder und was sie sagen, so sehr will ich gleichzeitig den Kopf auf die Tischplatte sinken lassen und \u201edas darf ja wohl nicht wahr sein\u201c sagen. <\/p>\n<p>Aber nat\u00fcrlich ist das wahr, das wusste ich ja vorher schon. <\/p>\n<p>Ich will jetzt aber gar nicht \u00fcber \u201eich wusste gar nicht, dass M\u00e4dchen auch Pilotin werden k\u00f6nnen\u201c reden, denn was bei mir h\u00e4ngen blieb, war besonders die eine Szene, in der ein Hau-den-Lukas aufgebaut war und die Kinder sich (eigenst\u00e4ndig) in eine Reihe einsortieren sollten, ganz vorn diejenigen, die vermutlich am st\u00e4rksten sind, ganz hinten die schw\u00e4chsten.<br \/>\nHinten standen nat\u00fcrlich die M\u00e4dchen und ganz hinten standen zwei besonders versch\u00fcchterte M\u00e4dchen, die sich kaum trauten, den Hammer \u00fcberhaupt hochzuheben (was jetzt vielleicht klein wenig \u00fcbertrieben ist. Aber auch nur ein klein wenig). <\/p>\n<p>Jedenfalls, als ich mich vor dem Einschlafen dr\u00fccken wollte, kam mir diese Szene wieder in den Sinn und ich fragte mich, wo ich mich wohl eingeordnet h\u00e4tte, damals, vor langer, langer Zeit, als ich mal Zweitkl\u00e4sslerin gewesen war.<br \/>\nVermutlich im vorderen Drittel der M\u00e4dchen, das aber nur, weil die anderen mir gesagt h\u00e4tten, das sei der Platz, wo ich hingeh\u00f6re. Und weil ich niemals das M\u00e4dchen ganz hinten sein wollte, das ging nicht, dann w\u00e4re es ja f\u00fcr alle total offensichtlich gewesen und niemand durfte das wissen, es h\u00e4tte alles noch viel schlimmer gemacht.<\/p>\n<p>Aber eigentlich war ich genau dieses v\u00f6llig versch\u00fcchterte M\u00e4dchen ganz hinten.  <\/p>\n<p>Und dann fielen mir all die Momente ein, in denen ich etwas nicht getan habe, weil ich es mir nicht zugetraut habe und weil ich nicht wollte, dass alle sehen, dass ich das nicht kann und eigentlich habe ich mir andauernd nichts zugetraut und selbst wenn, kaum ging der erste Versuch schief, habe ich sofort aufgegeben, weil hey, ich wusste doch gleich, ich kann das nicht. Und im Grunde ist das alles noch immer so, ich bin noch immer das versch\u00fcchterte M\u00e4dchen ganz hinten und der noch gr\u00f6\u00dfere Mist ist, dass mich das nicht einmal w\u00fctend, sondern einfach nur traurig macht. <\/p>\n<p>Dann noch Collien Ulmen-Fernandes dazu, sie machte alles noch schlimmer, mit ihren gro\u00dfen Augen, ihrem Leuchtgesicht, ihrer \u201eich h\u00f6re dir zu, nur dir und du liebe Zeit, ist das alles so interessant, was du sagst\u201c-Ausstrahlung.<br \/>\n(Das ist jetzt vielleicht missverst\u00e4ndlich, es hat rein gar nichts mit ihr selbst zu tun, also abgesehen davon, dass ich ihr diese interessierte Haltung total abnehme. Und die ist ja was Gutes, diese Haltung, aber das ist ja das Schlimme, falls Sie verstehen, was ich meine)<\/p>\n<p>Au\u00dferdem dachte ich an den anderen Mist, von wegen, das innere Kind an die Hand nehmen. Dieses innere Kind Gerede, das ging mir seit jeher f\u00fcrchterlich auf die Nerven, aber nun ja, jetzt wei\u00df ich vielleicht auch wieso. <\/p>\n<p>Irgendwann fiel mir ein, dass ich k\u00fcrzlich von <a href=\"https:\/\/www.spektrum.de\/news\/mit-fantasie-aus-der-depression\/1608938\" rel=\"noopener\" target=\"_blank\">Imagery Rescripting gelesen hatte<\/a> und hey, das w\u00e4re doch die Gelegenheit, es mal auszuprobieren, das M\u00e4dchen da hinten an die Hand nehmen, ihr sagen, komm, du schaffst das und wenn nicht beim ersten, dann eben beim achtunddrei\u00dfigsten Mal. <\/p>\n<p>Und dann wurde alles gut und ich lebte gl\u00fccklich bis an mein Lebensende. <\/p>\n","protected":false},"excerpt":{"rendered":"<p>Ich falle immer wieder darauf herein. Gestern kam ich mir unfassbar produktiv vor, wegen allerlei Dingen, vor allem aber, weil ich einen Termin bei der Frauen\u00e4rztin hatte und somit vor Augen, endlich diesen uns\u00e4glich lange vor mir hergeschobenen Punkt abhaken zu k\u00f6nnen. Nun ja. Es fing schon gleich damit an, dass die freundliche Arzthelferin nach&#8230;<\/p>\n","protected":false},"author":17,"featured_media":0,"comment_status":"open","ping_status":"open","sticky":false,"template":"","format":"standard","meta":{"footnotes":""},"categories":[],"tags":[],"class_list":["post-4445","post","type-post","status-publish","format-standard","hentry"],"_links":{"self":[{"href":"https:\/\/woerterwege.wababbel.de\/index.php?rest_route=\/wp\/v2\/posts\/4445","targetHints":{"allow":["GET"]}}],"collection":[{"href":"https:\/\/woerterwege.wababbel.de\/index.php?rest_route=\/wp\/v2\/posts"}],"about":[{"href":"https:\/\/woerterwege.wababbel.de\/index.php?rest_route=\/wp\/v2\/types\/post"}],"author":[{"embeddable":true,"href":"https:\/\/woerterwege.wababbel.de\/index.php?rest_route=\/wp\/v2\/users\/17"}],"replies":[{"embeddable":true,"href":"https:\/\/woerterwege.wababbel.de\/index.php?rest_route=%2Fwp%2Fv2%2Fcomments&post=4445"}],"version-history":[{"count":16,"href":"https:\/\/woerterwege.wababbel.de\/index.php?rest_route=\/wp\/v2\/posts\/4445\/revisions"}],"predecessor-version":[{"id":4461,"href":"https:\/\/woerterwege.wababbel.de\/index.php?rest_route=\/wp\/v2\/posts\/4445\/revisions\/4461"}],"wp:attachment":[{"href":"https:\/\/woerterwege.wababbel.de\/index.php?rest_route=%2Fwp%2Fv2%2Fmedia&parent=4445"}],"wp:term":[{"taxonomy":"category","embeddable":true,"href":"https:\/\/woerterwege.wababbel.de\/index.php?rest_route=%2Fwp%2Fv2%2Fcategories&post=4445"},{"taxonomy":"post_tag","embeddable":true,"href":"https:\/\/woerterwege.wababbel.de\/index.php?rest_route=%2Fwp%2Fv2%2Ftags&post=4445"}],"curies":[{"name":"wp","href":"https:\/\/api.w.org\/{rel}","templated":true}]}}