{"id":4385,"date":"2018-11-20T13:40:35","date_gmt":"2018-11-20T12:40:35","guid":{"rendered":"http:\/\/www.wababbel.de\/woerterwege\/?p=4385"},"modified":"2018-11-20T13:40:35","modified_gmt":"2018-11-20T12:40:35","slug":"eins-zwei-drei-buecher","status":"publish","type":"post","link":"https:\/\/woerterwege.wababbel.de\/?p=4385","title":{"rendered":"Eins, zwei, drei B\u00fccher"},"content":{"rendered":"<p>Gestern tats\u00e4chlich noch <a href=\"http:\/\/www.wababbel.de\/woerterwege\/2018\/11\/19\/von-a-nach-b\/\" rel=\"noopener\" target=\"_blank\">Punkt B<\/a> erreicht. Weil, die Reihenfolge schien einigerma\u00dfen standzuhalten, eine L\u00fccke lie\u00df sich auch nicht mehr ausmachen, also los.<br \/>\nDanach allerdings gleich wieder vom Text losgesagt, dieses Mal aus Gr\u00fcnden der Blindheit gegen\u00fcber dem, was ich schon zig Mal geschrieben habe.<br \/>\nDaher auch heute morgen die Gelegenheit ergriffen, mich im Wald durchpusten zu lassen, ganz allein. Vom Wald habe ich allerdings nicht viel mitbekommen, wegen all der Gedanken. Die Schnipsel werden ein Buch. Ich muss das mal hierher schreiben, bevor ich es mir selbst wieder ausrede. Vorhin im Wald war das n\u00e4mlich ganz klar, ganz eindeutig, dass das ein Buch wird und wenn es auch nur eine Ausgabe davon geben wird, f\u00fcr mich allein.<br \/>\nDas ist in meinem Fall ein ziemlich neues Gef\u00fchl, ich hatte noch nie den Drang, etwas, das ich geschrieben habe, zwingend hinter Buchdeckeln vorfinden zu m\u00fcssen, aber in diesem Fall scheint es dazuzugeh\u00f6ren.<br \/>\nVermutlich werde ich auch die \u00fcblichen Wege gehen, Agenturen, Verlage anschreiben, was man eben so macht, aber vorher, vorher will ich mein eigenes Buch haben, das, von dem ich ganz genau wei\u00df, wie es aussehen soll (und wie nicht). Passiert ja nicht oft, dass ich etwas ganz genau wei\u00df und will (und vermutlich werde ich morgen von all dem schon wieder nichts wissen wollen). <\/p>\n<p>Heute morgen <a href=\"https:\/\/www.br.de\/mediathek\/podcast\/eins-zu-eins-der-talk\/christoph-niemann-illustrator\/1306555\" rel=\"noopener\" target=\"_blank\">ein Interview<\/a> mit <a href=\"http:\/\/www.christophniemann.com\/\" rel=\"noopener\" target=\"_blank\">Christoph Niemann<\/a> geh\u00f6rt, von Christoph Niemann habe ich mir Anfang des Jahres <a href=\"https:\/\/www.knesebeck-verlag.de\/sunday_sketching\/t-1\/486\" rel=\"noopener\" target=\"_blank\">dieses ganz wunderbare Buch<\/a> schenken lassen. <\/p>\n<p>Gestern auch noch mit <em>Sturmh\u00f6he<\/em> angefangen. Der <a href=\"https:\/\/www.buddenbohm-und-soehne.de\/\" rel=\"noopener\" target=\"_blank\">Herr Buddenbohm<\/a> erz\u00e4hlt ja andauernd davon, das ist schon ein klein wenig ansteckend. Nun hatte ich das Buch aber schon einige Male angefangen und ich glaube, ich breche tats\u00e4chlich immer an der gleichen Stelle ab, n\u00e4mlich die, an der theoretisch aufgedr\u00f6selt wird, wer jetzt eigentlich wer ist und wie die alle miteinander in Verbindung stehen. Der von Herrn Buddenbohm <a href=\"https:\/\/www.welt.de\/print\/welt_kompakt\/print_literatur\/article156327164\/Lust-und-Liebe.html\" rel=\"noopener\" target=\"_blank\">verlinkte Artikel<\/a> bringt das sch\u00f6n auf den Punkt: <\/p>\n<blockquote><p>[\u2026] aber durch Eheschlie\u00dfung und die entsprechenden Namens\u00e4nderungen sowie den Umstand, dass drei der m\u00e4nnlichen Hauptpersonen auch noch alliterierende Namen \u2013 Hindley, Heathcliff, Hareton \u2013 tragen, kann es schon passieren, dass man ein wenig den \u00dcberblick verliert. <\/p><\/blockquote>\n<p>Den \u00dcberblick verlieren, das w\u00fcrde ja bedeuten, man h\u00e4tte einen solchen gehabt. Kann ich jetzt nicht behaupten und nun ja, ich hatte gestern dann auch nicht mehr so richtig Lust, mir einen zu verschaffen. <\/p>\n<p>Dazu passt dann wiederum dieses Zitat aus dem oben genannten Niemann-Buch:<\/p>\n<blockquote><p>In dem verf\u00fchrerischen Meer der geschmeidigen Zwei-Sekunden-Lacher d\u00fcrfen wir nicht vergessen, dass Kunst, die uns wirklich bewegt, oft langsam, seltsam und irritierend ist.<\/p><\/blockquote>\n<p>Vielleicht gebe ich der Sturmh\u00f6he ja doch noch eine Chance. Dummerweise habe ich nicht die Ausgabe mit der <em>\u201eGenealogische Tafel der Familien Linton &#038; Earnshaw\u201c<\/em> von der im verlinkten Artikel die Rede ist, aber nun, die k\u00f6nnte ich mir ja selbst zusammenbasteln, diese Tafel. Und sobald ich das geschafft habe, sollte ich dann auch begriffen haben, wer wer ist. <\/p>\n","protected":false},"excerpt":{"rendered":"<p>Gestern tats\u00e4chlich noch Punkt B erreicht. Weil, die Reihenfolge schien einigerma\u00dfen standzuhalten, eine L\u00fccke lie\u00df sich auch nicht mehr ausmachen, also los. Danach allerdings gleich wieder vom Text losgesagt, dieses Mal aus Gr\u00fcnden der Blindheit gegen\u00fcber dem, was ich schon zig Mal geschrieben habe. Daher auch heute morgen die Gelegenheit ergriffen, mich im Wald durchpusten&#8230;<\/p>\n","protected":false},"author":17,"featured_media":0,"comment_status":"open","ping_status":"open","sticky":false,"template":"","format":"standard","meta":{"footnotes":""},"categories":[],"tags":[],"class_list":["post-4385","post","type-post","status-publish","format-standard","hentry"],"_links":{"self":[{"href":"https:\/\/woerterwege.wababbel.de\/index.php?rest_route=\/wp\/v2\/posts\/4385","targetHints":{"allow":["GET"]}}],"collection":[{"href":"https:\/\/woerterwege.wababbel.de\/index.php?rest_route=\/wp\/v2\/posts"}],"about":[{"href":"https:\/\/woerterwege.wababbel.de\/index.php?rest_route=\/wp\/v2\/types\/post"}],"author":[{"embeddable":true,"href":"https:\/\/woerterwege.wababbel.de\/index.php?rest_route=\/wp\/v2\/users\/17"}],"replies":[{"embeddable":true,"href":"https:\/\/woerterwege.wababbel.de\/index.php?rest_route=%2Fwp%2Fv2%2Fcomments&post=4385"}],"version-history":[{"count":8,"href":"https:\/\/woerterwege.wababbel.de\/index.php?rest_route=\/wp\/v2\/posts\/4385\/revisions"}],"predecessor-version":[{"id":4393,"href":"https:\/\/woerterwege.wababbel.de\/index.php?rest_route=\/wp\/v2\/posts\/4385\/revisions\/4393"}],"wp:attachment":[{"href":"https:\/\/woerterwege.wababbel.de\/index.php?rest_route=%2Fwp%2Fv2%2Fmedia&parent=4385"}],"wp:term":[{"taxonomy":"category","embeddable":true,"href":"https:\/\/woerterwege.wababbel.de\/index.php?rest_route=%2Fwp%2Fv2%2Fcategories&post=4385"},{"taxonomy":"post_tag","embeddable":true,"href":"https:\/\/woerterwege.wababbel.de\/index.php?rest_route=%2Fwp%2Fv2%2Ftags&post=4385"}],"curies":[{"name":"wp","href":"https:\/\/api.w.org\/{rel}","templated":true}]}}