{"id":4336,"date":"2018-11-08T23:41:30","date_gmt":"2018-11-08T22:41:30","guid":{"rendered":"http:\/\/www.wababbel.de\/woerterwege\/?p=4336"},"modified":"2018-11-08T23:44:18","modified_gmt":"2018-11-08T22:44:18","slug":"von-stapeln-zu-schubladen","status":"publish","type":"post","link":"https:\/\/woerterwege.wababbel.de\/?p=4336","title":{"rendered":"Von Stapeln zu Schubladen"},"content":{"rendered":"<p>Gestern mal wieder mit Schubladen konfrontiert worden. \u201edie\u201c und \u201ewir\u201c, solcherart Schubladen. Schlechte Laune bekommen, einerseits wegen der Schubladen, haupts\u00e4chlich aber weil ich mal wieder nicht die Klappe aufbekommen habe. Dieses Mal einerseits vor Schreck, da die Schubladen von Leuten aufgezogen wurden, bei denen ich nicht damit gerechnet habe. Andererseits nat\u00fcrlich wegen Inkompetenz, also meinerseits. <\/p>\n<p>Abends angefangen, <a href=\"https:\/\/www.randomhouse.de\/Buch\/The-Hate-U-Give\/Angie-Thomas\/cbj-Jugendbuecher\/e506033.rhd\" rel=\"noopener\" target=\"_blank\"><em>The Hate U Give<\/em><\/a> von Angie Thomas zu lesen. Passte dann prima zu den Schubladen, denn: Schwarzer, unbewaffneter Teenager wird von einem wei\u00dfen Polizisten erschossen. Es \u00fcberzeugt mich nicht hundertprozentig, dieses Buch, dennoch war ich ziemlich aufgew\u00fchlt, als es mir der MMM weggenommen* hat. Und aufgew\u00fchlt sein, das ist mit das beste, was ein Buch mit mir machen kann. <\/p>\n<p>Dann schlage ich heute morgen die Zeitung auf &#8211; und verdammter Mist &#8211; lese einen Bericht, der all die \u201edie\u201c und \u201ewir\u201c Schubladen vermutlich noch weiter einzementiert. <\/p>\n<p>Ich verstehe das einfach nicht, warum man Menschen einfach so in eine Schublade einteilt, nur weil sie gr\u00fcn angezogen sind. Nein, das stimmt nicht, ich verstehe das schon, ich bin ja auch nicht dagegen gefeit. Was ich allerdings wirklich nicht verstehe, ist, sie ganz bewusst in diese Schublade zu stecken, mit der hundertprozentigen Sicherheit, dass sie genau dahin geh\u00f6ren und niemals nicht wieder herausgeholt werden d\u00fcrfen. Denn gr\u00fcn angezogene Menschen sind nun mal so und so, das ist doch ganz klar, das wei\u00df doch jeder.<br \/>\nWas ich auch nicht verstehe, ist, sich ganz gewiss zu sein, selbst in der einzig richtigen Schublade zu stecken. Da, wo die guten Menschen wohnen, versteht sich. <\/p>\n<p>Ich sollte wirklich lernen, zu reden. Ich k\u00f6nnte doch zumindest alle drei Minuten \u201eda bin ich anderer Meinung\u201c sagen. Schweigen wird einem ja dummerweise meist als Zustimmung ausgelegt. So kam es denn diese Woche auch zu folgendem Dialog:<br \/>\nH: Und da sagt der, es gibt kein Fegefeuer!<br \/>\nIch: Da hat er recht.<br \/>\nH: <em>*schockierte Stille*<\/em> Und ich dachte, wenigstens du bist einigerma\u00dfen vern\u00fcnftig!<br \/>\n\u00c4h, ja. Eben.<\/p>\n<p>&nbsp;<\/p>\n<p><small><br \/>\n* Ja, weggenommen. Frechheit. Mein \u201edas habe ich in einer Stunde fertig gelesen\u201c-Argument \u00fcberzeugte ihn wohl nicht**. Na gut, es war tats\u00e4chlich schon ziemlich sp\u00e4t.<br \/>\n** Dabei lag ich gar nicht so schlecht mit dieser Sch\u00e4tzung, ich habe maximal eine Viertelstunde l\u00e4nger gebraucht.<br \/>\n<\/small><\/p>\n","protected":false},"excerpt":{"rendered":"<p>Gestern mal wieder mit Schubladen konfrontiert worden. \u201edie\u201c und \u201ewir\u201c, solcherart Schubladen. Schlechte Laune bekommen, einerseits wegen der Schubladen, haupts\u00e4chlich aber weil ich mal wieder nicht die Klappe aufbekommen habe. Dieses Mal einerseits vor Schreck, da die Schubladen von Leuten aufgezogen wurden, bei denen ich nicht damit gerechnet habe. Andererseits nat\u00fcrlich wegen Inkompetenz, also meinerseits&#8230;.<\/p>\n","protected":false},"author":17,"featured_media":0,"comment_status":"open","ping_status":"open","sticky":false,"template":"","format":"standard","meta":{"footnotes":""},"categories":[],"tags":[],"class_list":["post-4336","post","type-post","status-publish","format-standard","hentry"],"_links":{"self":[{"href":"https:\/\/woerterwege.wababbel.de\/index.php?rest_route=\/wp\/v2\/posts\/4336","targetHints":{"allow":["GET"]}}],"collection":[{"href":"https:\/\/woerterwege.wababbel.de\/index.php?rest_route=\/wp\/v2\/posts"}],"about":[{"href":"https:\/\/woerterwege.wababbel.de\/index.php?rest_route=\/wp\/v2\/types\/post"}],"author":[{"embeddable":true,"href":"https:\/\/woerterwege.wababbel.de\/index.php?rest_route=\/wp\/v2\/users\/17"}],"replies":[{"embeddable":true,"href":"https:\/\/woerterwege.wababbel.de\/index.php?rest_route=%2Fwp%2Fv2%2Fcomments&post=4336"}],"version-history":[{"count":12,"href":"https:\/\/woerterwege.wababbel.de\/index.php?rest_route=\/wp\/v2\/posts\/4336\/revisions"}],"predecessor-version":[{"id":4348,"href":"https:\/\/woerterwege.wababbel.de\/index.php?rest_route=\/wp\/v2\/posts\/4336\/revisions\/4348"}],"wp:attachment":[{"href":"https:\/\/woerterwege.wababbel.de\/index.php?rest_route=%2Fwp%2Fv2%2Fmedia&parent=4336"}],"wp:term":[{"taxonomy":"category","embeddable":true,"href":"https:\/\/woerterwege.wababbel.de\/index.php?rest_route=%2Fwp%2Fv2%2Fcategories&post=4336"},{"taxonomy":"post_tag","embeddable":true,"href":"https:\/\/woerterwege.wababbel.de\/index.php?rest_route=%2Fwp%2Fv2%2Ftags&post=4336"}],"curies":[{"name":"wp","href":"https:\/\/api.w.org\/{rel}","templated":true}]}}