{"id":4192,"date":"2018-10-08T20:36:02","date_gmt":"2018-10-08T19:36:02","guid":{"rendered":"http:\/\/www.wababbel.de\/woerterwege\/?p=4192"},"modified":"2018-10-08T20:36:02","modified_gmt":"2018-10-08T19:36:02","slug":"wandern","status":"publish","type":"post","link":"https:\/\/woerterwege.wababbel.de\/?p=4192","title":{"rendered":"Wandern!"},"content":{"rendered":"<p>Den freien Tag gestern spontan auf dem <a href=\"https:\/\/neckarsteig.de\/\" rel=\"noopener\" target=\"_blank\">Neckarsteig<\/a> begangen. Also auf einem Teil davon, man will ja nicht \u00fcbertreiben. Habe ich dann aber doch. Knappe f\u00fcnfzehn Kilometer, da lache ich ja dar\u00fcber. Dachte ich. Stellt sich raus, da habe ich fr\u00fcher dar\u00fcber gelacht. Gestern Abend war ich derma\u00dfen gepl\u00e4ttet, dass ich sehr froh war, eine gro\u00df genuge Familie zu haben. Aber dazu sp\u00e4ter.<\/p>\n<p>T. sagt immer, das bl\u00f6de am Urlaub machen sei die Anreise, die Anfahrt, das Ankommen. Sie k\u00f6nne den Urlaub erst dann so richtig genie\u00dfen, wenn sie angekommen sei, wisse, wo das Klo ist, wann es wo was zu Essen gibt undsoweiter.<br \/>\nDaran dachte ich gestern, als ich den Bahnhof suchte. Wegen sehr spontan und mal sehen, ob ich morgen \u00fcberhaupt noch Lust dazu habe, hatte ich am Abend zuvor nur ganz grob geschaut, wie sich so eine Neckarsteig-Etappe umsetzen l\u00e4sst, daher stand ich vor Ort zuerst etwas planlos herum, fand dann aber einen Stadtplan, kurz darauf auch den Bahnhof, dort sogar den richtigen Zug, der prompt einfuhr und als ich am Zielbahnhof wieder ausstieg, musste ich mich nur zwei Mal umgucken, um die erste Markierung f\u00fcr den Steig zu finden. Orientieren kann ich. Und dann habe ich sogar noch Spa\u00df daran. Au\u00dfer ich bin nass und mir ist kalt und es regnet. Aber das ist eine andere Geschichte.<\/p>\n<p>Danach war ich dann wohl angekommen, denn ich musste mich fast gar nicht mehr orientieren, der Steig ist (zumindest f\u00fcr diese Etappe) unfassbar gut ausgeschildert, normalerweise ist es ja so, dass immer und \u00fcberall Schilder und Markierungen sind, auch und gerade dann, wenn der Weg ohne jegliche M\u00f6glichkeit, vom ihm abzukommen, zwei Kilometer geradeaus f\u00fchrt. Nur genau da, wo es kniffelig wird und auch die Karte, die wir \u00fcblicherweise dabei haben, nicht weiterhilft, genau da steht dann weder Schild noch Markierung.<br \/>\nHier nicht. Was gut war, ich hatte n\u00e4mlich \u00fcberhaupt keine Karte dabei. Vom Weg abkommen w\u00e4re somit eher schlecht gewesen. <\/p>\n<p>Ich lief so vor mich hin und freute mich auf den Moment, an dem der Kopf endlich Ruhe geben w\u00fcrde. Der Moment kam schneller als gedacht, denn recht bald ging es ziemlich steil nach oben, eine Schlucht den Neckarh\u00fcgel hoch, es gab Zeiten, da &#8211;<br \/>\nAch, egal.<br \/>\nJedenfalls, wie ich so da stehe und <del datetime=\"2018-10-08T19:06:31+00:00\">nach Luft schnappe<\/del> die Sandsteinw\u00e4nde um mich herum bestaune, kommt ein klein wenig das Gef\u00fchl auf, dass sich viele Jahre zuvor breit machte, als wir am Ende des Pitztals auf dieses riesigen, massigen Bergw\u00e4nde zuliefen und ich zum ersten und einzigen Mal \u00fcberhaupt dachte, dass es vielleicht doch ein bisschen anma\u00dfend ist, da wirklich hoch zu wollen. Ich so klein, die so gro\u00df, diese Richtung.<br \/>\nDabei kam das dicke Ende damals anderswo, dort wo K\u00fche lieblich auf dem Weg herumwiederk\u00e4uten, um sie herum Almrausch in vollster Bl\u00fcte, Sonnenschein, blauer Himmel und tja, auf einmal kommt Wind auf, macht nix, ist ja eh viel zu warm, noch mehr Wind, noch viel mehr kalter Wind, hm, so langsam wird es unangenehm, noch viel k\u00e4lterer Wind, mei, jetzt reicht es aber und warum kommt diese bl\u00f6de H\u00fctte, der Gipfel, das Ziel einfach nicht n\u00e4her, obwohl wir schon stundenlang darauf zulaufen?<\/p>\n<p>So \u00e4hnlich war es hier dann auch, na ja, \u00fcberhaupt nicht kalt und nicht ann\u00e4hernd so bedrohlich, aber das Ziel, die Stadt, sie war st\u00e4ndig in Sichtweite und kam doch nicht n\u00e4her.<br \/>\nSchlie\u00dflich, endlich, der letzte Abstieg (so dachte ich), doch kaum war ich unten, will mich die Markierung wieder nach oben schicken. Ha! Mit mir nicht. <\/p>\n<p>In der Stadt war passenderweise gerade Buchmarkt, es gab allerlei Leute, die Dinge mit Papier machen und diese verkaufen oder dar\u00fcber erz\u00e4hlen. Und einen B\u00fccherflohmarkt. So schaffte ich es, sogar an einem Sonntag zwei B\u00fccher einzukaufen.<br \/>\nSo ganz genie\u00dfen konnte ich die Sache allerdings nicht, daf\u00fcr war ich zu platt, au\u00dferdem hatte ich Hunger und Durst und vor Ort, also na ja, was das Angebot an Speis und Trank betrifft, da ist noch viel Luft nach oben (eventuell lag dieser Eindruck aber auch an mangelnder Aufnahmef\u00e4higkeit meinerseits). Eventuell w\u00e4re auch alles nicht so schlimm gekommen, h\u00e4tte ich mehr zu essen mitgenommen, aber ich dachte, unterwegs w\u00fcrde sich doch sicher noch irgendwo ein B\u00e4cker finden. Tja nun. Fand sich nicht.  <\/p>\n<p>Sp\u00e4ter lag ich h\u00f6chst platt auf dem heimischen Sofa, als das Telefon klingelte und verdammter Mist, schon wieder einer im Krankenhaus*. Oder auf dem Weg dahin. Womit ich nun bei der gro\u00df genugen Familie w\u00e4re, denn h\u00e4tte ich mich unterst\u00fctzend auf den Weg ins Krankenhaus machen m\u00fcssen, ich w\u00e4re wahrscheinlich trotz Sorgen machen auf irgendeinem Krankenhausstuhl eingeschlafen.<br \/>\nObwohl, vielleicht auch nicht, denn zu Hause hat das mit dem Schlafen auch nur bedingt geklappt.<br \/>\nWas die Vermutung n\u00e4hrt, dass ich vielleicht doch noch <del datetime=\"2018-10-08T19:06:31+00:00\">top<\/del>fit bin und f\u00fcnfzehn Kilometer, da lache ich ja nun wirklich dar\u00fcber, zumindest an Tagen, an denen die Hormone mitspielen. Beziehungsweise sich raushalten.<br \/>\nNa ja, vielleicht auch nicht. <\/p>\n<p>(Nichts neues in Sachen Stapel. Gestern ging gar nichts mehr und heute habe ich stattdessen das Klo geputzt. Was dringend n\u00f6tig war, aber vermutlich h\u00e4tte ich es ohne Stapel noch ein paar Tage aufgeschoben.)<\/p>\n<p>(Der Krankenhausler will am Samstag schon wieder feiern gehen. Der Optimismus ist ihm zum Gl\u00fcck nicht abhanden gekommen. Der Realit\u00e4tssinn vielleicht schon eher, aber nun.)<\/p>\n","protected":false},"excerpt":{"rendered":"<p>Den freien Tag gestern spontan auf dem Neckarsteig begangen. Also auf einem Teil davon, man will ja nicht \u00fcbertreiben. Habe ich dann aber doch. Knappe f\u00fcnfzehn Kilometer, da lache ich ja dar\u00fcber. Dachte ich. Stellt sich raus, da habe ich fr\u00fcher dar\u00fcber gelacht. Gestern Abend war ich derma\u00dfen gepl\u00e4ttet, dass ich sehr froh war, eine&#8230;<\/p>\n","protected":false},"author":17,"featured_media":0,"comment_status":"open","ping_status":"open","sticky":false,"template":"","format":"standard","meta":{"footnotes":""},"categories":[],"tags":[],"class_list":["post-4192","post","type-post","status-publish","format-standard","hentry"],"_links":{"self":[{"href":"https:\/\/woerterwege.wababbel.de\/index.php?rest_route=\/wp\/v2\/posts\/4192","targetHints":{"allow":["GET"]}}],"collection":[{"href":"https:\/\/woerterwege.wababbel.de\/index.php?rest_route=\/wp\/v2\/posts"}],"about":[{"href":"https:\/\/woerterwege.wababbel.de\/index.php?rest_route=\/wp\/v2\/types\/post"}],"author":[{"embeddable":true,"href":"https:\/\/woerterwege.wababbel.de\/index.php?rest_route=\/wp\/v2\/users\/17"}],"replies":[{"embeddable":true,"href":"https:\/\/woerterwege.wababbel.de\/index.php?rest_route=%2Fwp%2Fv2%2Fcomments&post=4192"}],"version-history":[{"count":19,"href":"https:\/\/woerterwege.wababbel.de\/index.php?rest_route=\/wp\/v2\/posts\/4192\/revisions"}],"predecessor-version":[{"id":4211,"href":"https:\/\/woerterwege.wababbel.de\/index.php?rest_route=\/wp\/v2\/posts\/4192\/revisions\/4211"}],"wp:attachment":[{"href":"https:\/\/woerterwege.wababbel.de\/index.php?rest_route=%2Fwp%2Fv2%2Fmedia&parent=4192"}],"wp:term":[{"taxonomy":"category","embeddable":true,"href":"https:\/\/woerterwege.wababbel.de\/index.php?rest_route=%2Fwp%2Fv2%2Fcategories&post=4192"},{"taxonomy":"post_tag","embeddable":true,"href":"https:\/\/woerterwege.wababbel.de\/index.php?rest_route=%2Fwp%2Fv2%2Ftags&post=4192"}],"curies":[{"name":"wp","href":"https:\/\/api.w.org\/{rel}","templated":true}]}}