{"id":2702,"date":"2016-06-06T22:00:09","date_gmt":"2016-06-06T21:00:09","guid":{"rendered":"http:\/\/www.wababbel.de\/woerterwege\/?p=2702"},"modified":"2016-06-06T22:00:09","modified_gmt":"2016-06-06T21:00:09","slug":"verordnetes-nichts-fehlanzeige","status":"publish","type":"post","link":"https:\/\/woerterwege.wababbel.de\/?p=2702","title":{"rendered":"Verordnetes Nichts, Fehlanzeige."},"content":{"rendered":"<p>Heute morgen trat prompt die Situation ein, die ich schon vorausgesehen hatte: Ich stand mit dem Fahrrad vor der Arztpraxis und dachte: Verflixt. <\/p>\n<p>Zu Zeiten, als wir noch zwei Fahrr\u00e4der, aber nur ein Fahrradschloss besessen hatten, war das Schloss immer(!) am falschen Fahrrad befestigt. Was nat\u00fcrlich fr\u00fchestens dann auffiel, wenn man den Tour-de-France-Berg schon hinuntergeflitzt war.<br \/>\nNun haben wir drei Fahrr\u00e4der und zwei Schl\u00f6sser. Und ich sagte noch: Wir brauchen dringend noch ein Schloss, sonst \u2026 <\/p>\n<p>\u2026 Sonst stehe ich vor der Arztpraxis und denke: Verflixt.<br \/>\nW\u00e4re ja alles halb so schlimm, wenn es das <a href=\"http:\/\/www.wababbel.de\/woerterwege\/2016\/05\/31\/hui\/\" target=\"_blank\">Beschleunigungsfahrrad<\/a> gewesen w\u00e4re. Dann w\u00e4re ich im Nu wieder zu Hause gewesen und vor allem h\u00e4tte ich im Nu den Tour-de-France-Berg erklommen.<br \/>\nSo aber stand ich vor der Arztpraxis, dachte nicht nur Verflixt, sondern auch dar\u00fcber nach, es darauf ankommen zu lassen, schlie\u00dflich wollte ich die erste in der Arztpraxis sein. Keine Minute verschwenden, die anderen zweiunddrei\u00dfig Patienten hinter mir lassen. Es war schlie\u00dflich Montagmorgen. <\/p>\n<p>Tja. Ich brachte es dann doch nicht \u00fcbers Herz. Verschwendete wertvolle Minuten und betrat &#8211; das Fahrrad gut verschlossen \u2013 zehn Minuten nach \u00d6ffnung der T\u00fcren die Arztpraxis. Und staunte. Keiner da. An einem Montagmorgen. Sehr merkw\u00fcrdig. Zwar bin ich gl\u00fccklicherweise gar nicht so oft in Arztpraxen, dass die an Montagmorgenden gern \u00fcberf\u00fcllt sind, wei\u00df ich aber doch.<br \/>\nDie freundliche MFA wunderte sich ebenfalls. <\/p>\n<p>Und ich wunderte mich, was aus einem Ohr [zensiert]. <\/p>\n<p>Morgen gehe ich ein Fahrradschloss kaufen. Doch, doch, ganz sicher. <\/p>\n","protected":false},"excerpt":{"rendered":"<p>Heute morgen trat prompt die Situation ein, die ich schon vorausgesehen hatte: Ich stand mit dem Fahrrad vor der Arztpraxis und dachte: Verflixt. Zu Zeiten, als wir noch zwei Fahrr\u00e4der, aber nur ein Fahrradschloss besessen hatten, war das Schloss immer(!) am falschen Fahrrad befestigt. Was nat\u00fcrlich fr\u00fchestens dann auffiel, wenn man den Tour-de-France-Berg schon hinuntergeflitzt&#8230;<\/p>\n","protected":false},"author":17,"featured_media":0,"comment_status":"open","ping_status":"open","sticky":false,"template":"","format":"standard","meta":{"footnotes":""},"categories":[],"tags":[],"class_list":["post-2702","post","type-post","status-publish","format-standard","hentry"],"_links":{"self":[{"href":"https:\/\/woerterwege.wababbel.de\/index.php?rest_route=\/wp\/v2\/posts\/2702","targetHints":{"allow":["GET"]}}],"collection":[{"href":"https:\/\/woerterwege.wababbel.de\/index.php?rest_route=\/wp\/v2\/posts"}],"about":[{"href":"https:\/\/woerterwege.wababbel.de\/index.php?rest_route=\/wp\/v2\/types\/post"}],"author":[{"embeddable":true,"href":"https:\/\/woerterwege.wababbel.de\/index.php?rest_route=\/wp\/v2\/users\/17"}],"replies":[{"embeddable":true,"href":"https:\/\/woerterwege.wababbel.de\/index.php?rest_route=%2Fwp%2Fv2%2Fcomments&post=2702"}],"version-history":[{"count":2,"href":"https:\/\/woerterwege.wababbel.de\/index.php?rest_route=\/wp\/v2\/posts\/2702\/revisions"}],"predecessor-version":[{"id":2704,"href":"https:\/\/woerterwege.wababbel.de\/index.php?rest_route=\/wp\/v2\/posts\/2702\/revisions\/2704"}],"wp:attachment":[{"href":"https:\/\/woerterwege.wababbel.de\/index.php?rest_route=%2Fwp%2Fv2%2Fmedia&parent=2702"}],"wp:term":[{"taxonomy":"category","embeddable":true,"href":"https:\/\/woerterwege.wababbel.de\/index.php?rest_route=%2Fwp%2Fv2%2Fcategories&post=2702"},{"taxonomy":"post_tag","embeddable":true,"href":"https:\/\/woerterwege.wababbel.de\/index.php?rest_route=%2Fwp%2Fv2%2Ftags&post=2702"}],"curies":[{"name":"wp","href":"https:\/\/api.w.org\/{rel}","templated":true}]}}