{"id":2040,"date":"2015-08-17T14:04:23","date_gmt":"2015-08-17T13:04:23","guid":{"rendered":"http:\/\/www.wababbel.de\/woerterwege\/?p=2040"},"modified":"2015-08-22T11:42:38","modified_gmt":"2015-08-22T10:42:38","slug":"datschis-in-rosa-und-hellblau","status":"publish","type":"post","link":"https:\/\/woerterwege.wababbel.de\/?p=2040","title":{"rendered":"Datschis in rosa und hellblau."},"content":{"rendered":"<p>Erneut bringt mich der Bayrische Rundfunk zum Kochen. So ganz praktisch. Dieses Mal h\u00f6rte ich die Sendung <a href=\"http:\/\/www.br-online.de\/podcast\/mp3-download\/bayern2\/mp3-download-podcast-notizbuch-nah-dran.shtml#\" target=\"_blank\"><em>Notizbuch &#8211; Nah dran<\/em><\/a> zum Thema: <em>Wandel der Kochkultur &#8211; Schneller, bequemer, einfacher. <\/em><br \/>\nFazit: Man kann heutzutage unbesorgt in Produktionsst\u00e4tten von Kartoffelkn\u00f6deln investieren, die Nachfrage nach Fertigprodukten w\u00e4chst und w\u00e4chst und w\u00e4chst. <\/p>\n<p>Kann doch nicht angehen, denke ich.<br \/>\nVermutlich habe ich immer noch <a href=\"http:\/\/www.wababbel.de\/woerterwege\/2015\/08\/16\/labskaus-und-die-gez\/\">die Landfrauen<\/a> im Sinn. Die machen ihre Kn\u00f6del selbst. <\/p>\n<p>Apropos Kn\u00f6del, denke ich als n\u00e4chstes. (Man kommt ja von einem zum anderen, gerade beim Thema Ern\u00e4hrung\/Lebensmittel). Es ist noch ganz viel trockenes Brot im Schrank, da w\u00e4ren Kn\u00f6del gar nicht schlecht (Lebensmittel wegwerfen? Das geht ja gar nicht).<br \/>\nDa ich keine rechte Lust auf Kn\u00f6del habe, entscheide ich mich f\u00fcr Blumenkohldatschis*, die ebenfalls gut daf\u00fcr geeignet sind, Schr\u00e4nke von Vorr\u00e4ten an trockenem Brot zu befreien.<\/p>\n<p>Hoch motiviert will ich mich ans Kochen machen, stelle dann aber fest, dass es mir an wichtigen Zutaten fehlt, insbesondere am Blumenkohl.<\/p>\n<p>Ich fuhr also erst einmal Einkaufen. Beim Einkaufen neige ich dazu, Zeit am Zeitschriftenregal zu vertr\u00f6deln, dieses Mal mit der <a href=\"http:\/\/www.nido.de\/artikel\/nido-082015\/\" target=\"_blank\">Nido<\/a> und Peter Praschl**. Ich las und h\u00f6rte zum ersten Mal von Gender-Reveal-Partys. Angehende Eltern lassen sich von ihrer \u00c4rztin einen verschlossenen Umschlag geben, darin steht das Geschlecht des Kindes. Den Umschlag geben sie an den Tortenb\u00e4cker ihres Vertrauen weiter, von diesem bekommen sie eine Torte, es gibt eine Party, irgendwann wird die Torte angeschnitten und \u2013 \u00dcberraschung \u2013 das Innere der Torte ist entweder blau oder rosa.<\/p>\n<p>Sachen gibt\u2019s. <\/p>\n<p>Hauptsache gesund, w\u00fcrde ein mir gut bekannter Landmann sagen. <\/p>\n<p>&nbsp;<\/p>\n<p>(&#8230;)<\/p>\n<p>&nbsp;<\/p>\n<p>Nein, tut mir leid, es kommt keine Pointe mehr. Ich habe gerade anderes zu tun, Blumenkohldatschis anfertigen, beispielsweise. <\/p>\n<p>&nbsp;<\/p>\n<p><small>* Datschi = Frikadelle<br \/>\n** Sehr gern w\u00fcrde ich noch den Titel des Artikels nennen, allerdings ist er meinem Ged\u00e4chtnis entfallen und online nicht aufzufinden. <\/small> <\/p>\n","protected":false},"excerpt":{"rendered":"<p>Erneut bringt mich der Bayrische Rundfunk zum Kochen. So ganz praktisch. Dieses Mal h\u00f6rte ich die Sendung Notizbuch &#8211; Nah dran zum Thema: Wandel der Kochkultur &#8211; Schneller, bequemer, einfacher. Fazit: Man kann heutzutage unbesorgt in Produktionsst\u00e4tten von Kartoffelkn\u00f6deln investieren, die Nachfrage nach Fertigprodukten w\u00e4chst und w\u00e4chst und w\u00e4chst. Kann doch nicht angehen, denke ich&#8230;.<\/p>\n","protected":false},"author":17,"featured_media":0,"comment_status":"open","ping_status":"open","sticky":false,"template":"","format":"standard","meta":{"footnotes":""},"categories":[],"tags":[],"class_list":["post-2040","post","type-post","status-publish","format-standard","hentry"],"_links":{"self":[{"href":"https:\/\/woerterwege.wababbel.de\/index.php?rest_route=\/wp\/v2\/posts\/2040","targetHints":{"allow":["GET"]}}],"collection":[{"href":"https:\/\/woerterwege.wababbel.de\/index.php?rest_route=\/wp\/v2\/posts"}],"about":[{"href":"https:\/\/woerterwege.wababbel.de\/index.php?rest_route=\/wp\/v2\/types\/post"}],"author":[{"embeddable":true,"href":"https:\/\/woerterwege.wababbel.de\/index.php?rest_route=\/wp\/v2\/users\/17"}],"replies":[{"embeddable":true,"href":"https:\/\/woerterwege.wababbel.de\/index.php?rest_route=%2Fwp%2Fv2%2Fcomments&post=2040"}],"version-history":[{"count":10,"href":"https:\/\/woerterwege.wababbel.de\/index.php?rest_route=\/wp\/v2\/posts\/2040\/revisions"}],"predecessor-version":[{"id":2051,"href":"https:\/\/woerterwege.wababbel.de\/index.php?rest_route=\/wp\/v2\/posts\/2040\/revisions\/2051"}],"wp:attachment":[{"href":"https:\/\/woerterwege.wababbel.de\/index.php?rest_route=%2Fwp%2Fv2%2Fmedia&parent=2040"}],"wp:term":[{"taxonomy":"category","embeddable":true,"href":"https:\/\/woerterwege.wababbel.de\/index.php?rest_route=%2Fwp%2Fv2%2Fcategories&post=2040"},{"taxonomy":"post_tag","embeddable":true,"href":"https:\/\/woerterwege.wababbel.de\/index.php?rest_route=%2Fwp%2Fv2%2Ftags&post=2040"}],"curies":[{"name":"wp","href":"https:\/\/api.w.org\/{rel}","templated":true}]}}