{"id":1997,"date":"2015-08-05T22:02:57","date_gmt":"2015-08-05T21:02:57","guid":{"rendered":"http:\/\/www.wababbel.de\/woerterwege\/?p=1997"},"modified":"2015-08-05T22:06:53","modified_gmt":"2015-08-05T21:06:53","slug":"wmdedgt","status":"publish","type":"post","link":"https:\/\/woerterwege.wababbel.de\/?p=1997","title":{"rendered":"WmdedgT?"},"content":{"rendered":"<p>WmdedgT* fragt <a href=\"http:\/\/bruellen.blogspot.de\/2015\/08\/wmdedgt-0815.html\" target=\"_blank\">Frau Br\u00fcllen<\/a> mal wieder. Ich wollte die Frage schon mehrmals beantworten, aber dann kam der F\u00fcnfte des Monats und ich verga\u00df WmdedgT, weil so viele spannende Dinge passierten oder es kam der F\u00fcnfte des Monats und ich wollte lieber doch nicht antworten, aus Furcht, es k\u00e4men nur Belanglosigkeiten zusammen.<br \/>\nAber heute \u2013 heute werde ich es tun. <\/p>\n<p>Erstaunlicherweise stand am fr\u00fchen Morgen (na ja, so kurz nach acht Uhr) schon der Kater vor der T\u00fcr. Normalerweise steht der Kater mehr so am sp\u00e4ten Nachmittag vor der T\u00fcr, aber gestern Abend hatte er wohl nicht damit gerechnet, dass die T\u00fcr schon kurz nach elf verschlossen bleiben w\u00fcrde. Der arme Kater hatte also kein Nachtmahl bekommen und h\u00f6rte sich sehr, sehr hungrig an.<br \/>\nNun ja.<br \/>\nSo h\u00f6rt er sich eigentlich immer an. Wir lernen das vielleicht irgendwann noch. Schreit und raunzt, als h\u00e4tte er seit Tagen nichts mehr zu fressen bekommen, aber dann verschm\u00e4ht er erst das Katzenfutter, dann den auszuleckenden Sahnebecher, dann alles andere.<br \/>\nIrgendwann h\u00f6rte er auf zu schreien und lie\u00df sich auf dem Sofa nieder, dummerweise wenige Minuten vor dem Zeitpunkt, an dem ich das Haus verlassen wollte. <\/p>\n<p>Ich warf den Kater raus, radelte zur \u00c4rztin, wurde im Wartezimmer <a href=\"http:\/\/www.wababbel.de\/vonwortenundwerken\/2015\/08\/05\/wie-man-nicht-schreibt\/\" target=\"_blank\">von der Inspiration heimgesucht<\/a>, lie\u00df mir von der \u00c4rztin lustige Bilder zeigen und beschloss anschlie\u00dfend, am \u00f6ffentlichen B\u00fccherregal vorbeizufahren.<br \/>\nPraktischerweise war um das B\u00fccherregal herum gerade Wochenmarkt. Das war deshalb praktisch, weil ich sowieso noch Grillzutaten zu besorgen hatte. Woraus dann aber doch nichts wurde, denn es gab zwar mindestens sieben Gem\u00fcsest\u00e4nde, aber keiner davon hatte Maiskolben zu bieten. Es gab au\u00dferdem ganz genau zwei Fleischst\u00e4nde, einer davon hatte nur Pute (m\u00f6gen wir nicht), beim anderen war s\u00e4mtliche Ware vakuumiert (m\u00f6gen wir auch nicht).<br \/>\nImmerhin wurde ich am B\u00fccherregal f\u00fcndig. <\/p>\n<p>Wieder aufs Rad, Maiskolben besorgen, nach Hause radeln, dabei Sommer, Sonne und Pferdeduft genie\u00dfen. <\/p>\n<p>Zu Hause habe ich dann viele, nicht mehr ganz nachvollziehbare Dinge getan. Etwas gegessen. Zeit im Internet vertr\u00f6delt. Die Inspiration aus der Arztpraxis verarbeitet. Noch mehr Zeit im Internet vertr\u00f6delt.<br \/>\nDen Rucksack ausger\u00e4umt, den Rucksack wieder einger\u00e4umt und erneut losgeradelt, dieses Mal in die andere Richtung. Gehofft, dass beim Metzger noch nicht die Sommerferien angefangen haben. Gl\u00fcck gehabt, Steaks bekommen.<\/p>\n<p>Wieder zu Hause musste ich mich erst einmal ganz dringend ausruhen, mit <a href=\"http:\/\/www.auerhaus.de\/\" target=\"_blank\">Bov Bjergs Auerhaus<\/a> auf dem Sofa. Nachdem ich schon so viele begeisterte Rezension gelesen hatte, habe ich beim letzten Buchladenbesuch ebenfalls zugegriffen.<br \/>\nFazit bisher (ich bin ungef\u00e4hr bei der H\u00e4lfte angekommen): Hm.<br \/>\nJa, es liest sich gut weg, aber die \u00fcberschw\u00e4ngliche Begeisterung kann ich (noch?) nicht nachvollziehen. <\/p>\n<p>Den sp\u00e4teren Nachmittag habe ich mit weiteren nicht mehr ganz nachvollziehbaren Dingen verbracht, dann kam der MMM nach Hause und warf den Grill an. Irgendwann dazwischen tauchte auch der Kater wieder auf und schrie j\u00e4mmerlich nach irgendetwas, aber ich fiel nicht mehr darauf herein.<\/p>\n<p>Und schlie\u00dflich endete der Abend mit Fu\u00dfball und damit, den MMM mit Sergio Ramos zu \u00e4rgern.  <\/p>\n<p>&nbsp;<\/p>\n<p><small>* Was machst du eigentlich den ganzen Tag?<\/small><\/p>\n","protected":false},"excerpt":{"rendered":"<p>WmdedgT* fragt Frau Br\u00fcllen mal wieder. Ich wollte die Frage schon mehrmals beantworten, aber dann kam der F\u00fcnfte des Monats und ich verga\u00df WmdedgT, weil so viele spannende Dinge passierten oder es kam der F\u00fcnfte des Monats und ich wollte lieber doch nicht antworten, aus Furcht, es k\u00e4men nur Belanglosigkeiten zusammen. Aber heute \u2013 heute&#8230;<\/p>\n","protected":false},"author":17,"featured_media":0,"comment_status":"open","ping_status":"open","sticky":false,"template":"","format":"standard","meta":{"footnotes":""},"categories":[],"tags":[],"class_list":["post-1997","post","type-post","status-publish","format-standard","hentry"],"_links":{"self":[{"href":"https:\/\/woerterwege.wababbel.de\/index.php?rest_route=\/wp\/v2\/posts\/1997","targetHints":{"allow":["GET"]}}],"collection":[{"href":"https:\/\/woerterwege.wababbel.de\/index.php?rest_route=\/wp\/v2\/posts"}],"about":[{"href":"https:\/\/woerterwege.wababbel.de\/index.php?rest_route=\/wp\/v2\/types\/post"}],"author":[{"embeddable":true,"href":"https:\/\/woerterwege.wababbel.de\/index.php?rest_route=\/wp\/v2\/users\/17"}],"replies":[{"embeddable":true,"href":"https:\/\/woerterwege.wababbel.de\/index.php?rest_route=%2Fwp%2Fv2%2Fcomments&post=1997"}],"version-history":[{"count":19,"href":"https:\/\/woerterwege.wababbel.de\/index.php?rest_route=\/wp\/v2\/posts\/1997\/revisions"}],"predecessor-version":[{"id":2016,"href":"https:\/\/woerterwege.wababbel.de\/index.php?rest_route=\/wp\/v2\/posts\/1997\/revisions\/2016"}],"wp:attachment":[{"href":"https:\/\/woerterwege.wababbel.de\/index.php?rest_route=%2Fwp%2Fv2%2Fmedia&parent=1997"}],"wp:term":[{"taxonomy":"category","embeddable":true,"href":"https:\/\/woerterwege.wababbel.de\/index.php?rest_route=%2Fwp%2Fv2%2Fcategories&post=1997"},{"taxonomy":"post_tag","embeddable":true,"href":"https:\/\/woerterwege.wababbel.de\/index.php?rest_route=%2Fwp%2Fv2%2Ftags&post=1997"}],"curies":[{"name":"wp","href":"https:\/\/api.w.org\/{rel}","templated":true}]}}