{"id":1663,"date":"2015-01-31T21:57:06","date_gmt":"2015-01-31T20:57:06","guid":{"rendered":"http:\/\/www.wababbel.de\/woerterwege\/?p=1663"},"modified":"2015-01-31T21:57:06","modified_gmt":"2015-01-31T20:57:06","slug":"hae","status":"publish","type":"post","link":"https:\/\/woerterwege.wababbel.de\/?p=1663","title":{"rendered":"H\u00e4?"},"content":{"rendered":"<p>Die Regionalzeitung gelesen, Themenausgabe mit dem Thema: Migration.<br \/>\nDarin unter anderem eine Stra\u00dfenumfrage: <em>&#8222;Haben Sie Freunde mit Migrationshintergrund?&#8220;<\/em><\/p>\n<p>Seltsame Frage.<br \/>\nAls w\u00fcrde ich meine Freunde in Kategorien wie &#8222;mit\/ohne Migrationshintergrund&#8220; einsortieren.<br \/>\nAls w\u00fcsste ich das \u00fcberhaupt.*<br \/>\nAls w\u00e4re das wichtig.<\/p>\n<p>&nbsp;<\/p>\n<p><small>* Na klar wei\u00df ich das. Sind ja meine Freunde. Aber zuerst denke ich: N\u00f6, habe ich nicht. Irgendwann sp\u00e4ter f\u00e4llt mir ein: Moment. L. war doch mal Italiener. H. kommt auch aus Italien. Und wo f\u00e4ngt das \u00fcberhaupt an, z\u00e4hlen auch die Ps dazu, deren Gro\u00dfeltern einst in Ungarn zu Hause waren? Apropos Ungarn, da w\u00e4ren ja noch S. und M. Und &#8230;<\/small><br \/>\n<small>Ist jetzt alles gut, wenn ich Freunde mit Migrationshintergrund habe? Geh\u00f6re ich damit zu den &#8222;Guten&#8220;, darf ich mir eine wei\u00dfe Weste anziehen?<\/small><\/p>\n","protected":false},"excerpt":{"rendered":"<p>Die Regionalzeitung gelesen, Themenausgabe mit dem Thema: Migration. Darin unter anderem eine Stra\u00dfenumfrage: &#8222;Haben Sie Freunde mit Migrationshintergrund?&#8220; Seltsame Frage. Als w\u00fcrde ich meine Freunde in Kategorien wie &#8222;mit\/ohne Migrationshintergrund&#8220; einsortieren. Als w\u00fcsste ich das \u00fcberhaupt.* Als w\u00e4re das wichtig. &nbsp; * Na klar wei\u00df ich das. Sind ja meine Freunde. Aber zuerst denke ich:&#8230;<\/p>\n","protected":false},"author":17,"featured_media":0,"comment_status":"open","ping_status":"open","sticky":false,"template":"","format":"standard","meta":{"footnotes":""},"categories":[],"tags":[],"class_list":["post-1663","post","type-post","status-publish","format-standard","hentry"],"_links":{"self":[{"href":"https:\/\/woerterwege.wababbel.de\/index.php?rest_route=\/wp\/v2\/posts\/1663","targetHints":{"allow":["GET"]}}],"collection":[{"href":"https:\/\/woerterwege.wababbel.de\/index.php?rest_route=\/wp\/v2\/posts"}],"about":[{"href":"https:\/\/woerterwege.wababbel.de\/index.php?rest_route=\/wp\/v2\/types\/post"}],"author":[{"embeddable":true,"href":"https:\/\/woerterwege.wababbel.de\/index.php?rest_route=\/wp\/v2\/users\/17"}],"replies":[{"embeddable":true,"href":"https:\/\/woerterwege.wababbel.de\/index.php?rest_route=%2Fwp%2Fv2%2Fcomments&post=1663"}],"version-history":[{"count":36,"href":"https:\/\/woerterwege.wababbel.de\/index.php?rest_route=\/wp\/v2\/posts\/1663\/revisions"}],"predecessor-version":[{"id":1699,"href":"https:\/\/woerterwege.wababbel.de\/index.php?rest_route=\/wp\/v2\/posts\/1663\/revisions\/1699"}],"wp:attachment":[{"href":"https:\/\/woerterwege.wababbel.de\/index.php?rest_route=%2Fwp%2Fv2%2Fmedia&parent=1663"}],"wp:term":[{"taxonomy":"category","embeddable":true,"href":"https:\/\/woerterwege.wababbel.de\/index.php?rest_route=%2Fwp%2Fv2%2Fcategories&post=1663"},{"taxonomy":"post_tag","embeddable":true,"href":"https:\/\/woerterwege.wababbel.de\/index.php?rest_route=%2Fwp%2Fv2%2Ftags&post=1663"}],"curies":[{"name":"wp","href":"https:\/\/api.w.org\/{rel}","templated":true}]}}